{"id":625,"date":"2021-04-20T17:10:47","date_gmt":"2021-04-20T21:10:47","guid":{"rendered":"http:\/\/vgisserverint1.ville.longueuil.qc.ca\/portail\/?p=625"},"modified":"2023-05-18T14:07:18","modified_gmt":"2023-05-18T18:07:18","slug":"lot-trefonds","status":"publish","type":"post","link":"https:\/\/gociteweb.longueuil.quebec\/portail\/lot-trefonds\/","title":{"rendered":"Lot &#8211; Tr\u00e9fonds"},"content":{"rendered":"\n<p class=\"has-text-align-left\"><a href=\"https:\/\/gociteweb.longueuil.quebec\/portail\/catalogue\/\">&lt; Retour au catalogue<\/a><\/p>\n\n\n\n<div class=\"wp-block-file\"><a id=\"wp-block-file--media-ce49d5b2-e799-4f47-aea4-a0258d87010f\" href=\"http:\/\/gociteweb.longueuil.quebec\/portail\/wp-content\/uploads\/2022\/07\/Schema-Cadastre-et-matrice-graphique.pdf\" target=\"_blank\" rel=\"noreferrer noopener\">Sch\u00e9ma de mise \u00e0 jour des donn\u00e9es &#8211; Cadastre et matrice graphique<\/a><a href=\"http:\/\/gociteweb.longueuil.quebec\/portail\/wp-content\/uploads\/2022\/07\/Schema-Cadastre-et-matrice-graphique.pdf\" class=\"wp-block-file__button\" download aria-describedby=\"wp-block-file--media-ce49d5b2-e799-4f47-aea4-a0258d87010f\">T\u00e9l\u00e9charger<\/a><\/div>\n\n\n\n<figure class=\"wp-block-table is-style-stripes\"><table class=\"has-fixed-layout\"><tbody><tr><td><strong>Regroupement de couches<\/strong><\/td><td>Matrice graphique<\/td><\/tr><tr><td><strong>Propri\u00e9taire<\/strong><\/td><td>MERN<\/td><\/tr><tr><td><strong>Type d&rsquo;entit\u00e9<\/strong><\/td><td>Polygone<\/td><\/tr><tr><td><strong>Mise \u00e0 jour<\/strong><\/td><td>Continue<\/td><\/tr><tr><td><strong>Projection<\/strong><\/td><td>MTM Zone 8, NAD83<\/td><\/tr><tr><td><strong>Cadre l\u00e9gislatif<\/strong><\/td><td>Loi favorisant la r\u00e9forme du cadastre qu\u00e9b\u00e9cois<\/td><\/tr><\/tbody><\/table><\/figure>\n\n\n\n<p class=\"has-text-align-center\"><strong>Attributs<\/strong><\/p>\n\n\n\n<figure class=\"wp-block-table\"><table><tbody><tr><td>OBJECTID<\/td><td>Shape<\/td><td>Num\u00e9ro<\/td><td>Date inscription<\/td><td>Nature acquisition<\/td><td>SUPERFICIE<\/td><td>Type usage<\/td><td>Date modification<\/td><td>ID m\u00e9thode captage<\/td><td>Altitude inf\u00e9rieure<\/td><td>Altitude sup\u00e9rieure<\/td><td>SHAPE.AREA<\/td><td>SHAPE.LEN<\/td><\/tr><\/tbody><\/table><\/figure>\n\n\n\n<figure class=\"wp-block-table is-style-stripes\"><table class=\"has-fixed-layout\"><tbody><tr><td><strong>Contact<\/strong><\/td><td><a href=\"mailto:geomatique@longueuil.quebec\">geomatique@longueuil.quebec<\/a><\/td><\/tr><\/tbody><\/table><\/figure>\n\n\n\n<p><\/p>\n","protected":false},"excerpt":{"rendered":"<p>Symbole surfacique repr\u00e9sentant le sous-sol (min\u00e9ralis\u00e9) d&rsquo;un fonds terrien. Il d\u00e9signe le volume de terre se trouvant sous la surface du sol dont une personne est propri\u00e9taire. <b>(r\u00e9gie par un cadre l\u00e9gislatif)<\/b><\/p>\n","protected":false},"author":3,"featured_media":0,"comment_status":"closed","ping_status":"closed","sticky":false,"template":"","format":"standard","meta":{"zakra_sidebar_layout":"centered","zakra_remove_content_margin":false,"zakra_sidebar":"customizer","zakra_transparent_header":"customizer","zakra_logo":0,"zakra_main_header_style":"default","zakra_menu_item_color":"","zakra_menu_item_hover_color":"#269bd1","zakra_menu_item_active_color":"#269bd1","zakra_menu_active_style":"zakra_menu_active_style","zakra_page_header":true,"_monsterinsights_skip_tracking":false,"_monsterinsights_sitenote_active":false,"_monsterinsights_sitenote_note":"","_monsterinsights_sitenote_category":0,"footnotes":""},"categories":[8,31],"tags":[30],"_links":{"self":[{"href":"https:\/\/gociteweb.longueuil.quebec\/portail\/wp-json\/wp\/v2\/posts\/625"}],"collection":[{"href":"https:\/\/gociteweb.longueuil.quebec\/portail\/wp-json\/wp\/v2\/posts"}],"about":[{"href":"https:\/\/gociteweb.longueuil.quebec\/portail\/wp-json\/wp\/v2\/types\/post"}],"author":[{"embeddable":true,"href":"https:\/\/gociteweb.longueuil.quebec\/portail\/wp-json\/wp\/v2\/users\/3"}],"replies":[{"embeddable":true,"href":"https:\/\/gociteweb.longueuil.quebec\/portail\/wp-json\/wp\/v2\/comments?post=625"}],"version-history":[{"count":4,"href":"https:\/\/gociteweb.longueuil.quebec\/portail\/wp-json\/wp\/v2\/posts\/625\/revisions"}],"predecessor-version":[{"id":2025,"href":"https:\/\/gociteweb.longueuil.quebec\/portail\/wp-json\/wp\/v2\/posts\/625\/revisions\/2025"}],"wp:attachment":[{"href":"https:\/\/gociteweb.longueuil.quebec\/portail\/wp-json\/wp\/v2\/media?parent=625"}],"wp:term":[{"taxonomy":"category","embeddable":true,"href":"https:\/\/gociteweb.longueuil.quebec\/portail\/wp-json\/wp\/v2\/categories?post=625"},{"taxonomy":"post_tag","embeddable":true,"href":"https:\/\/gociteweb.longueuil.quebec\/portail\/wp-json\/wp\/v2\/tags?post=625"}],"curies":[{"name":"wp","href":"https:\/\/api.w.org\/{rel}","templated":true}]}}