{"id":548,"date":"2021-04-16T19:50:33","date_gmt":"2021-04-16T19:50:33","guid":{"rendered":"http:\/\/vgisserverint1.ville.longueuil.qc.ca\/portail\/?p=548"},"modified":"2022-09-27T10:19:04","modified_gmt":"2022-09-27T14:19:04","slug":"ilot-de-chaleur-cmm-juillet-2008","status":"publish","type":"post","link":"https:\/\/gociteweb.longueuil.quebec\/portail\/ilot-de-chaleur-cmm-juillet-2008\/","title":{"rendered":"\u00celot de chaleur CMM &#8211; Juillet 2008"},"content":{"rendered":"\n<p class=\"has-text-align-left\"><a href=\"https:\/\/gociteweb.longueuil.quebec\/portail\/catalogue\/\">&lt; Retour au catalogue<\/a><\/p>\n\n\n\n<div class=\"wp-block-file\"><a id=\"wp-block-file--media-f9ce2592-10c1-4e58-a68d-4ee66d50e6db\" href=\"http:\/\/gociteweb.longueuil.quebec\/portail\/wp-content\/uploads\/2022\/07\/Schema-Environnement-et-etudes-specialisees.pdf\" target=\"_blank\" rel=\"noreferrer noopener\">Sch\u00e9ma &#8211; Environnement et \u00e9tudes sp\u00e9cialis\u00e9es<\/a><a href=\"http:\/\/gociteweb.longueuil.quebec\/portail\/wp-content\/uploads\/2022\/07\/Schema-Environnement-et-etudes-specialisees.pdf\" class=\"wp-block-file__button\" download aria-describedby=\"wp-block-file--media-f9ce2592-10c1-4e58-a68d-4ee66d50e6db\">T\u00e9l\u00e9charger<\/a><\/div>\n\n\n\n<figure class=\"wp-block-table is-style-stripes\"><table class=\"has-fixed-layout\"><tbody><tr><td><strong>Regroupement de couches<\/strong><\/td><td>Environnement<\/td><\/tr><tr><td><strong>Propri\u00e9taire<\/strong><\/td><td>Universit\u00e9 du Qu\u00e9bec \u00e0 Montr\u00e9al<\/td><\/tr><tr><td><strong>Type d&rsquo;entit\u00e9<\/strong><\/td><td>Image matricielle<\/td><\/tr><tr><td><strong>Mise \u00e0 jour<\/strong><\/td><td>5 juillet 2008 &#8211; 10h25<\/td><\/tr><tr><td><strong>Projection<\/strong><\/td><td>MTM Zone 8, NAD83<\/td><\/tr><\/tbody><\/table><\/figure>\n\n\n\n<p class=\"has-text-align-center\"><strong>Attributs<\/strong><\/p>\n\n\n\n<figure class=\"wp-block-table\"><table><tbody><tr><td>Valeur de classe<\/td><td>Valeur du pixel<\/td><\/tr><\/tbody><\/table><\/figure>\n\n\n\n<figure class=\"wp-block-table is-style-stripes\"><table class=\"has-fixed-layout\"><tbody><tr><td><strong>Contact<\/strong><\/td><td><a href=\"mailto:geomatique@longueuil.quebec\">geomatique@longueuil.quebec<\/a><\/td><\/tr><\/tbody><\/table><\/figure>\n\n\n\n<p><\/p>\n","protected":false},"excerpt":{"rendered":"<p>Imagerie satellitaire repr\u00e9sentant le comportement thermique en surface (en \u00b0C) de la Communaut\u00e9 M\u00e9tropolitaine de Montr\u00e9al (CMM) observ\u00e9e le 5 juillet 2008 \u00e0 10h25. L&rsquo;image provient de la bande thermique issue des capteurs TM du satellite Landsat 5. La r\u00e9solution des pixels est de 30 m\u00e8tres X 30 m\u00e8tres.<\/p>\n","protected":false},"author":3,"featured_media":0,"comment_status":"closed","ping_status":"closed","sticky":false,"template":"","format":"standard","meta":{"zakra_sidebar_layout":"centered","zakra_remove_content_margin":false,"zakra_sidebar":"customizer","zakra_transparent_header":"customizer","zakra_logo":0,"zakra_main_header_style":"default","zakra_menu_item_color":"","zakra_menu_item_hover_color":"#269bd1","zakra_menu_item_active_color":"#269bd1","zakra_menu_active_style":"zakra_menu_active_style","zakra_page_header":true,"_monsterinsights_skip_tracking":false,"_monsterinsights_sitenote_active":false,"_monsterinsights_sitenote_note":"","_monsterinsights_sitenote_category":0,"footnotes":""},"categories":[14],"tags":[30],"_links":{"self":[{"href":"https:\/\/gociteweb.longueuil.quebec\/portail\/wp-json\/wp\/v2\/posts\/548"}],"collection":[{"href":"https:\/\/gociteweb.longueuil.quebec\/portail\/wp-json\/wp\/v2\/posts"}],"about":[{"href":"https:\/\/gociteweb.longueuil.quebec\/portail\/wp-json\/wp\/v2\/types\/post"}],"author":[{"embeddable":true,"href":"https:\/\/gociteweb.longueuil.quebec\/portail\/wp-json\/wp\/v2\/users\/3"}],"replies":[{"embeddable":true,"href":"https:\/\/gociteweb.longueuil.quebec\/portail\/wp-json\/wp\/v2\/comments?post=548"}],"version-history":[{"count":3,"href":"https:\/\/gociteweb.longueuil.quebec\/portail\/wp-json\/wp\/v2\/posts\/548\/revisions"}],"predecessor-version":[{"id":1844,"href":"https:\/\/gociteweb.longueuil.quebec\/portail\/wp-json\/wp\/v2\/posts\/548\/revisions\/1844"}],"wp:attachment":[{"href":"https:\/\/gociteweb.longueuil.quebec\/portail\/wp-json\/wp\/v2\/media?parent=548"}],"wp:term":[{"taxonomy":"category","embeddable":true,"href":"https:\/\/gociteweb.longueuil.quebec\/portail\/wp-json\/wp\/v2\/categories?post=548"},{"taxonomy":"post_tag","embeddable":true,"href":"https:\/\/gociteweb.longueuil.quebec\/portail\/wp-json\/wp\/v2\/tags?post=548"}],"curies":[{"name":"wp","href":"https:\/\/api.w.org\/{rel}","templated":true}]}}