{"id":514,"date":"2021-04-16T15:41:01","date_gmt":"2021-04-16T19:41:01","guid":{"rendered":"http:\/\/vgisserverint1.ville.longueuil.qc.ca\/portail\/?p=514"},"modified":"2023-05-18T14:05:12","modified_gmt":"2023-05-18T18:05:12","slug":"groupe-pmad-pmad-aire-tod","status":"publish","type":"post","link":"https:\/\/gociteweb.longueuil.quebec\/portail\/groupe-pmad-pmad-aire-tod\/","title":{"rendered":"Groupe PMAD : PMAD &#8211; Aire TOD"},"content":{"rendered":"\n<p class=\"has-text-align-left\"><a href=\"https:\/\/gociteweb.longueuil.quebec\/portail\/catalogue\/\">&lt; Retour au catalogue<\/a><\/p>\n\n\n\n<div class=\"wp-block-file\"><a id=\"wp-block-file--media-fb26112e-b823-459e-bd80-35358b1e9166\" href=\"http:\/\/gociteweb.longueuil.quebec\/portail\/wp-content\/uploads\/2022\/06\/Schema-Urbanisme-et-amenagement.pdf\" target=\"_blank\" rel=\"noreferrer noopener\">Sch\u00e9ma de mise \u00e0 jour des donn\u00e9es &#8211; Urbanisme et am\u00e9nagement<\/a><a href=\"http:\/\/gociteweb.longueuil.quebec\/portail\/wp-content\/uploads\/2022\/06\/Schema-Urbanisme-et-amenagement.pdf\" class=\"wp-block-file__button\" download aria-describedby=\"wp-block-file--media-fb26112e-b823-459e-bd80-35358b1e9166\">T\u00e9l\u00e9charger<\/a><\/div>\n\n\n\n<figure class=\"wp-block-table is-style-stripes\"><table class=\"has-fixed-layout\"><tbody><tr><td><strong>Regroupement de couches<\/strong><\/td><td>Urbanisme et am\u00e9nagement<\/td><\/tr><tr><td><strong>Propri\u00e9taire<\/strong><\/td><td>Plan m\u00e9tropolitain d\u2019am\u00e9nagement et de d\u00e9veloppement &#8211; CMM<\/td><\/tr><tr><td><strong>Type d&rsquo;entit\u00e9<\/strong><\/td><td>Polygone<\/td><\/tr><tr><td><strong>Mise \u00e0 jour<\/strong><\/td><td>Avril 2012<\/td><\/tr><tr><td><strong>Projection<\/strong><\/td><td>MTM Zone 8, NAD83<\/td><\/tr><tr><td><strong>Cadre l\u00e9gislatif<\/strong><\/td><td>Loi sur l&rsquo;am\u00e9nagement et l&rsquo;urbanisme (LAU)<\/td><\/tr><\/tbody><\/table><\/figure>\n\n\n\n<p class=\"has-text-align-center\"><strong>Attributs<\/strong><\/p>\n\n\n\n<figure class=\"wp-block-table\"><table><tbody><tr><td>Id<\/td><td>Nom<\/td><td>Statut<\/td><td>Ligne<\/td><td>Municipalit\u00e9<\/td><td>Seuil Minimum<\/td><\/tr><\/tbody><\/table><\/figure>\n\n\n\n<figure class=\"wp-block-table is-style-stripes\"><table class=\"has-fixed-layout\"><tbody><tr><td><strong>Contact<\/strong><\/td><td><a href=\"mailto:geomatique@longueuil.quebec\">geomatique@longueuil.quebec<\/a><\/td><\/tr><\/tbody><\/table><\/figure>\n\n\n\n<p><\/p>\n","protected":false},"excerpt":{"rendered":"<p>Groupe PMAD (Groupe de couches)<br \/>\nCe groupe contient les couches relatives \u00e0 la cartographie du Plan m\u00e9tropolitain d&rsquo;am\u00e9nagement et de d\u00e9veloppement (PMAD) de la Communaut\u00e9 m\u00e9tropolitaine de Montr\u00e9al (CMM).<\/p>\n<p>PMAD &#8211; Aire TOD<br \/>\nRepr\u00e9sentation surfacique des zones identifi\u00e9es pour le d\u00e9veloppement de quartiers de type Transit-Oriented Development &#8211; TOD. Il s&rsquo;agit de d\u00e9veloppements immobiliers de moyenne \u00e0 haute densit\u00e9 structur\u00e9s autour d&rsquo;une station de transport en commun \u00e0 haute capacit\u00e9. <b>(r\u00e9gie par un cadre l\u00e9gislatif)<\/b><\/p>\n","protected":false},"author":3,"featured_media":0,"comment_status":"closed","ping_status":"closed","sticky":false,"template":"","format":"standard","meta":{"zakra_sidebar_layout":"centered","zakra_remove_content_margin":false,"zakra_sidebar":"customizer","zakra_transparent_header":"customizer","zakra_logo":0,"zakra_main_header_style":"default","zakra_menu_item_color":"","zakra_menu_item_hover_color":"#269bd1","zakra_menu_item_active_color":"#269bd1","zakra_menu_active_style":"zakra_menu_active_style","zakra_page_header":true,"_monsterinsights_skip_tracking":false,"_monsterinsights_sitenote_active":false,"_monsterinsights_sitenote_note":"","_monsterinsights_sitenote_category":0,"footnotes":""},"categories":[31,12],"tags":[30],"_links":{"self":[{"href":"https:\/\/gociteweb.longueuil.quebec\/portail\/wp-json\/wp\/v2\/posts\/514"}],"collection":[{"href":"https:\/\/gociteweb.longueuil.quebec\/portail\/wp-json\/wp\/v2\/posts"}],"about":[{"href":"https:\/\/gociteweb.longueuil.quebec\/portail\/wp-json\/wp\/v2\/types\/post"}],"author":[{"embeddable":true,"href":"https:\/\/gociteweb.longueuil.quebec\/portail\/wp-json\/wp\/v2\/users\/3"}],"replies":[{"embeddable":true,"href":"https:\/\/gociteweb.longueuil.quebec\/portail\/wp-json\/wp\/v2\/comments?post=514"}],"version-history":[{"count":4,"href":"https:\/\/gociteweb.longueuil.quebec\/portail\/wp-json\/wp\/v2\/posts\/514\/revisions"}],"predecessor-version":[{"id":2003,"href":"https:\/\/gociteweb.longueuil.quebec\/portail\/wp-json\/wp\/v2\/posts\/514\/revisions\/2003"}],"wp:attachment":[{"href":"https:\/\/gociteweb.longueuil.quebec\/portail\/wp-json\/wp\/v2\/media?parent=514"}],"wp:term":[{"taxonomy":"category","embeddable":true,"href":"https:\/\/gociteweb.longueuil.quebec\/portail\/wp-json\/wp\/v2\/categories?post=514"},{"taxonomy":"post_tag","embeddable":true,"href":"https:\/\/gociteweb.longueuil.quebec\/portail\/wp-json\/wp\/v2\/tags?post=514"}],"curies":[{"name":"wp","href":"https:\/\/api.w.org\/{rel}","templated":true}]}}