{"id":138,"date":"2021-04-12T20:00:06","date_gmt":"2021-04-12T20:00:06","guid":{"rendered":"http:\/\/vgisserverint1.ville.longueuil.qc.ca\/portail\/?p=138"},"modified":"2022-09-21T14:17:25","modified_gmt":"2022-09-21T18:17:25","slug":"aeroport-pistes","status":"publish","type":"post","link":"https:\/\/gociteweb.longueuil.quebec\/portail\/aeroport-pistes\/","title":{"rendered":"A\u00e9roport Pistes"},"content":{"rendered":"\n<p class=\"has-text-align-left\"><a href=\"https:\/\/gociteweb.longueuil.quebec\/portail\/catalogue\/\">&lt; Retour au catalogue<\/a><\/p>\n\n\n\n<div class=\"wp-block-file\"><a id=\"wp-block-file--media-2e2c7783-aeee-46c7-b98c-f24f0a71184e\" href=\"http:\/\/gociteweb.longueuil.quebec\/portail\/wp-content\/uploads\/2022\/07\/Schema-Topographie-et-hydrographie.pdf\" target=\"_blank\" rel=\"noreferrer noopener\">Sch\u00e9ma de mise \u00e0 jour des donn\u00e9es &#8211; Topographie et hydrographie<\/a><a href=\"http:\/\/gociteweb.longueuil.quebec\/portail\/wp-content\/uploads\/2022\/07\/Schema-Topographie-et-hydrographie.pdf\" class=\"wp-block-file__button\" download aria-describedby=\"wp-block-file--media-2e2c7783-aeee-46c7-b98c-f24f0a71184e\">T\u00e9l\u00e9charger<\/a><\/div>\n\n\n\n<figure class=\"wp-block-table is-style-stripes\"><table class=\"has-fixed-layout\"><tbody><tr><td><strong>Regroupement de couches<\/strong><\/td><td>Topographie<\/td><\/tr><tr><td><strong>Propri\u00e9taire<\/strong><\/td><td>Direction de l&rsquo;am\u00e9nagement et de l&rsquo;urbanisme \/ \u00c9tudes externes<\/td><\/tr><tr><td><strong>Type d&rsquo;entit\u00e9<\/strong><\/td><td>Polyligne<\/td><\/tr><tr><td><strong>Mise \u00e0 jour<\/strong><\/td><td>Ad hoc<\/td><\/tr><tr><td><strong>Projection<\/strong><\/td><td>MTM Zone 8, NAD83<\/td><\/tr><\/tbody><\/table><\/figure>\n\n\n\n<p class=\"has-text-align-center\"><strong>Attributs<\/strong><\/p>\n\n\n\n<figure class=\"wp-block-table\"><table><tbody><tr><td>&#8211;<\/td><\/tr><\/tbody><\/table><\/figure>\n\n\n\n<p><\/p>\n","protected":false},"excerpt":{"rendered":"<p>Repr\u00e9sentation lin\u00e9aire de l&rsquo;aire am\u00e9nag\u00e9e de l&rsquo;a\u00e9roport de Saint-Hubert, servant au roulement, au d\u00e9collage et \u00e0 l&rsquo;atterrissage des a\u00e9ronefs.<\/p>\n","protected":false},"author":3,"featured_media":0,"comment_status":"closed","ping_status":"closed","sticky":false,"template":"","format":"standard","meta":{"zakra_sidebar_layout":"centered","zakra_remove_content_margin":false,"zakra_sidebar":"customizer","zakra_transparent_header":"customizer","zakra_logo":0,"zakra_main_header_style":"default","zakra_menu_item_color":"","zakra_menu_item_hover_color":null,"zakra_menu_item_active_color":"","zakra_menu_active_style":"zakra_menu_active_style","zakra_page_header":true,"_monsterinsights_skip_tracking":false,"_monsterinsights_sitenote_active":false,"_monsterinsights_sitenote_note":"","_monsterinsights_sitenote_category":0,"footnotes":""},"categories":[26],"tags":[30],"_links":{"self":[{"href":"https:\/\/gociteweb.longueuil.quebec\/portail\/wp-json\/wp\/v2\/posts\/138"}],"collection":[{"href":"https:\/\/gociteweb.longueuil.quebec\/portail\/wp-json\/wp\/v2\/posts"}],"about":[{"href":"https:\/\/gociteweb.longueuil.quebec\/portail\/wp-json\/wp\/v2\/types\/post"}],"author":[{"embeddable":true,"href":"https:\/\/gociteweb.longueuil.quebec\/portail\/wp-json\/wp\/v2\/users\/3"}],"replies":[{"embeddable":true,"href":"https:\/\/gociteweb.longueuil.quebec\/portail\/wp-json\/wp\/v2\/comments?post=138"}],"version-history":[{"count":5,"href":"https:\/\/gociteweb.longueuil.quebec\/portail\/wp-json\/wp\/v2\/posts\/138\/revisions"}],"predecessor-version":[{"id":1492,"href":"https:\/\/gociteweb.longueuil.quebec\/portail\/wp-json\/wp\/v2\/posts\/138\/revisions\/1492"}],"wp:attachment":[{"href":"https:\/\/gociteweb.longueuil.quebec\/portail\/wp-json\/wp\/v2\/media?parent=138"}],"wp:term":[{"taxonomy":"category","embeddable":true,"href":"https:\/\/gociteweb.longueuil.quebec\/portail\/wp-json\/wp\/v2\/categories?post=138"},{"taxonomy":"post_tag","embeddable":true,"href":"https:\/\/gociteweb.longueuil.quebec\/portail\/wp-json\/wp\/v2\/tags?post=138"}],"curies":[{"name":"wp","href":"https:\/\/api.w.org\/{rel}","templated":true}]}}