{"id":1306,"date":"2021-11-24T09:58:49","date_gmt":"2021-11-24T14:58:49","guid":{"rendered":"https:\/\/gociteweb.longueuil.quebec\/portail\/?p=1306"},"modified":"2023-05-18T14:01:48","modified_gmt":"2023-05-18T18:01:48","slug":"contrainte-vibration-ferroviaire-voie-principale","status":"publish","type":"post","link":"https:\/\/gociteweb.longueuil.quebec\/portail\/contrainte-vibration-ferroviaire-voie-principale\/","title":{"rendered":"Contrainte vibration ferroviaire voie principale"},"content":{"rendered":"\n<p class=\"has-text-align-left\"><a href=\"https:\/\/gociteweb.longueuil.quebec\/portail\/catalogue\/\">&lt; Retour au catalogue<\/a><\/p>\n\n\n\n<div class=\"wp-block-file\"><a id=\"wp-block-file--media-fb26112e-b823-459e-bd80-35358b1e9166\" href=\"http:\/\/gociteweb.longueuil.quebec\/portail\/wp-content\/uploads\/2022\/06\/Schema-Urbanisme-et-amenagement.pdf\" target=\"_blank\" rel=\"noreferrer noopener\">Sch\u00e9ma de mise \u00e0 jour des donn\u00e9es &#8211; Urbanisme et am\u00e9nagement<\/a><a href=\"http:\/\/gociteweb.longueuil.quebec\/portail\/wp-content\/uploads\/2022\/06\/Schema-Urbanisme-et-amenagement.pdf\" class=\"wp-block-file__button\" download aria-describedby=\"wp-block-file--media-fb26112e-b823-459e-bd80-35358b1e9166\">T\u00e9l\u00e9charger<\/a><\/div>\n\n\n\n<figure class=\"wp-block-table is-style-stripes\"><table class=\"has-fixed-layout\"><tbody><tr><td><strong>Regroupement de couches<\/strong><\/td><td>Urbanisme et am\u00e9nagement<\/td><\/tr><tr><td><strong>Propri\u00e9taire<\/strong><\/td><td>Direction de l&rsquo;am\u00e9nagement et de l&rsquo;urbanisme &#8211; Sch\u00e9ma d&rsquo;am\u00e9nagement et de d\u00e9veloppement de l&rsquo;agglom\u00e9ration de Longueuil<\/td><\/tr><tr><td><strong>Type d&rsquo;entit\u00e9<\/strong><\/td><td>Polygone<\/td><\/tr><tr><td><strong>Mise \u00e0 jour<\/strong><\/td><td>Ad hoc<\/td><\/tr><tr><td><strong>Projection<\/strong><\/td><td>MTM Zone 8, NAD83<\/td><\/tr><tr><td><strong>Groupe de couche<\/strong><\/td><td>Contraintes anthropiques<\/td><\/tr><tr><td><strong>Cadre l\u00e9gislatif<\/strong><\/td><td>Sch\u00e9ma d&rsquo;am\u00e9nagement et de d\u00e9veloppement de l&rsquo;agglom\u00e9ration de Longueuil &#8211; Contraintes anthropiques (Sonore\/vibration\/s\u00e9curit\u00e9) &#8211; Loi sur l&rsquo;am\u00e9nagement et l&rsquo;urbanisme (LAU)<\/td><\/tr><\/tbody><\/table><\/figure>\n\n\n\n<p class=\"has-text-align-center\"><strong>Attributs<\/strong><\/p>\n\n\n\n<figure class=\"wp-block-table\"><table><tbody><tr><td><\/td><\/tr><\/tbody><\/table><\/figure>\n\n\n\n<figure class=\"wp-block-table is-style-stripes\"><table class=\"has-fixed-layout\"><tbody><tr><td><strong>Contact<\/strong><\/td><td><a href=\"mailto:geomatique@longueuil.quebec\">geomatique@longueuil.quebec<\/a><\/td><\/tr><\/tbody><\/table><\/figure>\n","protected":false},"excerpt":{"rendered":"<p>Repr\u00e9sentation surfacique de la d\u00e9limitation d&rsquo;une aire o\u00f9 des normes r\u00e9glementaires en mati\u00e8res d&rsquo;att\u00e9nuation des vibrations ferroviaires peuvent s&rsquo;appliquer pour la construction de certains b\u00e2timents. <b>(r\u00e9gie par un cadre l\u00e9gislatif)<\/b><\/p>\n","protected":false},"author":4,"featured_media":0,"comment_status":"closed","ping_status":"closed","sticky":false,"template":"","format":"standard","meta":{"zakra_sidebar_layout":"centered","zakra_remove_content_margin":false,"zakra_sidebar":"customizer","zakra_transparent_header":"customizer","zakra_logo":0,"zakra_main_header_style":"default","zakra_menu_item_color":"","zakra_menu_item_hover_color":null,"zakra_menu_item_active_color":"","zakra_menu_active_style":"zakra_menu_active_style","zakra_page_header":true,"_monsterinsights_skip_tracking":false,"_monsterinsights_sitenote_active":false,"_monsterinsights_sitenote_note":"","_monsterinsights_sitenote_category":0,"footnotes":""},"categories":[31,12],"tags":[30],"_links":{"self":[{"href":"https:\/\/gociteweb.longueuil.quebec\/portail\/wp-json\/wp\/v2\/posts\/1306"}],"collection":[{"href":"https:\/\/gociteweb.longueuil.quebec\/portail\/wp-json\/wp\/v2\/posts"}],"about":[{"href":"https:\/\/gociteweb.longueuil.quebec\/portail\/wp-json\/wp\/v2\/types\/post"}],"author":[{"embeddable":true,"href":"https:\/\/gociteweb.longueuil.quebec\/portail\/wp-json\/wp\/v2\/users\/4"}],"replies":[{"embeddable":true,"href":"https:\/\/gociteweb.longueuil.quebec\/portail\/wp-json\/wp\/v2\/comments?post=1306"}],"version-history":[{"count":6,"href":"https:\/\/gociteweb.longueuil.quebec\/portail\/wp-json\/wp\/v2\/posts\/1306\/revisions"}],"predecessor-version":[{"id":1989,"href":"https:\/\/gociteweb.longueuil.quebec\/portail\/wp-json\/wp\/v2\/posts\/1306\/revisions\/1989"}],"wp:attachment":[{"href":"https:\/\/gociteweb.longueuil.quebec\/portail\/wp-json\/wp\/v2\/media?parent=1306"}],"wp:term":[{"taxonomy":"category","embeddable":true,"href":"https:\/\/gociteweb.longueuil.quebec\/portail\/wp-json\/wp\/v2\/categories?post=1306"},{"taxonomy":"post_tag","embeddable":true,"href":"https:\/\/gociteweb.longueuil.quebec\/portail\/wp-json\/wp\/v2\/tags?post=1306"}],"curies":[{"name":"wp","href":"https:\/\/api.w.org\/{rel}","templated":true}]}}